{"id":13334,"date":"2024-11-07T00:49:07","date_gmt":"2024-11-06T23:49:07","guid":{"rendered":"https:\/\/daimielturismo.com\/?p=13334"},"modified":"2024-11-08T00:52:22","modified_gmt":"2024-11-07T23:52:22","slug":"la-asociacion-turistica-tablas-de-daimiel-participa-en-la-mesa-de-calidad-sicted","status":"publish","type":"post","link":"https:\/\/daimielturismo.com\/en\/la-asociacion-turistica-tablas-de-daimiel-participa-en-la-mesa-de-calidad-sicted\/","title":{"rendered":"La Asociaci\u00f3n Tur\u00edstica Tablas de Daimiel participa en la mesa de calidad SICTED"},"content":{"rendered":"<p><strong>La concejala de Turismo, Lourdes Rodr\u00edguez de Guzm\u00e1n, ha agradecido el\u00a0<\/strong><strong>\u201ctrabajo, desempe\u00f1o y esfuerzo\u201d que le dedican las empresas adheridas al proyecto.\u00a0<\/strong><strong>En el encuentro han participado representantes del sector empresarial y el Jefe de Servicio de la delegaci\u00f3n de Turismo de la Junta de Comunidades de Castilla-La Mancha, Carlos S\u00e1nchez Herrera.<\/strong><\/p>\n<p><strong>Daimiel Noticias.-<\/strong>\u00a0La concejala de Turismo, Lourdes Rodr\u00edguez de Guzm\u00e1n, ha presidido este jueves la reuni\u00f3n de la Mesa de Calidad del sello SICTED. Se trata de un \u00f3rgano, formado por representantes del sector p\u00fablico y del privado empresarial de la localidad, que se encarga de valorar la gesti\u00f3n de este proyecto, establecer sus objetivos, valorar y aprobar la concesi\u00f3n, renovaci\u00f3n o retirada de distintivos.<\/p>\n<p>En la reuni\u00f3n han participado la responsable t\u00e9cnica de esta delegaci\u00f3n, Ana Garc\u00eda-Consuegra, el presidente de la asociaci\u00f3n tur\u00edstica Tablas de Daimiel, Jes\u00fas Pozuelo, el secretario de la Asociaci\u00f3n Empresarial de Daimiel AEDA, Lorenzo Garc\u00eda-Mu\u00f1oz, y el Jefe de Servicio de la\u00a0delegaci\u00f3n de Turismo, Carlos S\u00e1nchez Herrera, en representaci\u00f3n del Gobierno regional.<\/p>\n<figure class=\"caption caption-drupal-entity align-center\" role=\"group\">\n<div class=\"embedded-entity\" data-embed-button=\"imagen_biblioteca\" data-entity-embed-display=\"entity_reference:media_thumbnail\" data-entity-embed-display-settings=\"max_width_800px\" data-entity-type=\"media\" data-entity-uuid=\"b3355acf-f32b-4c9e-8b87-b9f022ed5674\" data-langcode=\"es\"><img loading=\"lazy\" class=\"img-fluid\" src=\"https:\/\/www.daimiel.es\/sites\/default\/files\/styles\/max_width_800px\/public\/2024-11\/reunion_sicted_3_reducida.jpg?itok=ExNt9K9g\" alt=\"Rodr\u00edguez de Guzm\u00e1n en la rueda de prensa\" width=\"800\" height=\"535\" \/><\/div><figcaption>Rodr\u00edguez de Guzm\u00e1n en la rueda de prensa<\/figcaption><\/figure>\n<p>Momentos previos a la celebraci\u00f3n de la reuni\u00f3n, Rodr\u00edguez de Guzm\u00e1n, recordaba que este encuentro, que se celebra desde 2018, sirve como cada a\u00f1o para evaluar y ratificar las empresas que han venido trabajando en el sello de calidad.<\/p>\n<p>En definitiva, \u201cse trata de poner a Daimiel de nuevo en el epicentro de la calidad tur\u00edstica\u201d, ha remarcado.\u00a0 La edil ha aprovechado para agradecer el \u201ctrabajo, desempe\u00f1o y esfuerzo\u201d que le dedican las empresas al sello de calidad en la localidad porque \u201cno es f\u00e1cil\u201d, dec\u00eda, pero se ver\u00e1 reflejado en el futuro del turismo de Daimiel.<\/p>\n<p>Por su parte, S\u00e1nchez Herrera ha agradecido en representaci\u00f3n de la Junta de Comunidades la apuesta del Ayuntamiento de Daimiel por la calidad tur\u00edstica en destino, y por eso \u201ccontinuaremos apoyando este tipo de proyectos\u201d.<\/p>\n<figure class=\"caption caption-drupal-entity align-center\" role=\"group\">\n<div class=\"embedded-entity\" data-embed-button=\"imagen_biblioteca\" data-entity-embed-display=\"entity_reference:media_thumbnail\" data-entity-embed-display-settings=\"max_width_800px\" data-entity-type=\"media\" data-entity-uuid=\"42a8bf4e-2325-4705-b69c-9bf82142912d\" data-langcode=\"es\"><img loading=\"lazy\" class=\"img-fluid\" src=\"https:\/\/www.daimiel.es\/sites\/default\/files\/styles\/max_width_800px\/public\/2024-11\/reunion_sicted_1_reducida.jpg?itok=gxKvccd_\" alt=\"S\u00e1nchez Herrera atendiendo a los medios\" width=\"800\" height=\"535\" \/><\/div><figcaption>S\u00e1nchez Herrera atendiendo a los medios<\/figcaption><\/figure>\n<p>&nbsp;<\/p>\n<p>Destacaba que SICTED supone una apuesta y compromiso del Estado, JCCM y en este caso, Ayuntamiento daimiele\u00f1o, y es justo reconocer el trabajo que se realiza desde cada establecimiento adherido. Una labor que se realiza con \u201cuna metodolog\u00eda espec\u00edfica y que supone muchas horas de dedicaci\u00f3n\u201d. Por ello, \u201ces importante valorarlo y reconocerlo\u201d.<\/p>\n<p><strong>Sello SICTED<\/strong><\/p>\n<p>SICTED es un sistema de calidad tur\u00edstica desarrollado por la Secretar\u00eda de Estado de Turismo para las empresas y servicios tur\u00edsticos al que el Ayuntamiento de Daimiel volvi\u00f3 a sumarse en 2018. Ahora mismo contin\u00faan adheridos 14 establecimientos y servicios tur\u00edsticos, y se sumar\u00e1n cuatro, seg\u00fan la informaci\u00f3n ofrecida por la concejal\u00eda de Turismo.<\/p>\n<figure class=\"caption caption-drupal-entity align-center\" role=\"group\">\n<div class=\"embedded-entity\" data-embed-button=\"imagen_biblioteca\" data-entity-embed-display=\"entity_reference:media_thumbnail\" data-entity-embed-display-settings=\"max_width_800px\" data-entity-type=\"media\" data-entity-uuid=\"9aa0e097-4e85-481c-a3d1-a4bd8321617a\" data-langcode=\"es\"><img loading=\"lazy\" class=\"img-fluid\" src=\"https:\/\/www.daimiel.es\/sites\/default\/files\/styles\/max_width_800px\/public\/2024-11\/reunion_sicted_2_reducida.jpg?itok=EgBQj2Wa\" alt=\"Durante la reuni\u00f3n\" width=\"800\" height=\"535\" \/><\/div><figcaption>Durante la reuni\u00f3n<\/figcaption><\/figure>","protected":false},"excerpt":{"rendered":"<p>La concejala de Turismo, Lourdes Rodr\u00edguez de Guzm\u00e1n, ha agradecido el\u00a0\u201ctrabajo, desempe\u00f1o y esfuerzo\u201d que le dedican las empresas adheridas al proyecto.\u00a0En el encuentro han participado representantes del sector empresarial y el Jefe de Servicio de la delegaci\u00f3n de Turismo de la Junta de Comunidades de Castilla-La Mancha, Carlos S\u00e1nchez Herrera. Daimiel Noticias.-\u00a0La concejala de [&hellip;]<\/p>","protected":false},"author":1,"featured_media":13336,"comment_status":"open","ping_status":"open","sticky":false,"template":"","format":"standard","meta":[],"categories":[1],"tags":[],"_links":{"self":[{"href":"https:\/\/daimielturismo.com\/en\/wp-json\/wp\/v2\/posts\/13334"}],"collection":[{"href":"https:\/\/daimielturismo.com\/en\/wp-json\/wp\/v2\/posts"}],"about":[{"href":"https:\/\/daimielturismo.com\/en\/wp-json\/wp\/v2\/types\/post"}],"author":[{"embeddable":true,"href":"https:\/\/daimielturismo.com\/en\/wp-json\/wp\/v2\/users\/1"}],"replies":[{"embeddable":true,"href":"https:\/\/daimielturismo.com\/en\/wp-json\/wp\/v2\/comments?post=13334"}],"version-history":[{"count":1,"href":"https:\/\/daimielturismo.com\/en\/wp-json\/wp\/v2\/posts\/13334\/revisions"}],"predecessor-version":[{"id":13335,"href":"https:\/\/daimielturismo.com\/en\/wp-json\/wp\/v2\/posts\/13334\/revisions\/13335"}],"wp:featuredmedia":[{"embeddable":true,"href":"https:\/\/daimielturismo.com\/en\/wp-json\/wp\/v2\/media\/13336"}],"wp:attachment":[{"href":"https:\/\/daimielturismo.com\/en\/wp-json\/wp\/v2\/media?parent=13334"}],"wp:term":[{"taxonomy":"category","embeddable":true,"href":"https:\/\/daimielturismo.com\/en\/wp-json\/wp\/v2\/categories?post=13334"},{"taxonomy":"post_tag","embeddable":true,"href":"https:\/\/daimielturismo.com\/en\/wp-json\/wp\/v2\/tags?post=13334"}],"curies":[{"name":"wp","href":"https:\/\/api.w.org\/{rel}","templated":true}]}}