{"id":13342,"date":"2025-03-21T06:39:52","date_gmt":"2025-03-21T05:39:52","guid":{"rendered":"https:\/\/daimielturismo.com\/?p=13342"},"modified":"2025-03-21T06:41:07","modified_gmt":"2025-03-21T05:41:07","slug":"daimiel-despide-el-invierno-con-sabor-y-cuchara","status":"publish","type":"post","link":"https:\/\/daimielturismo.com\/en\/daimiel-despide-el-invierno-con-sabor-y-cuchara\/","title":{"rendered":"Daimiel despide el invierno con sabor y cuchara"},"content":{"rendered":"<p><strong><img loading=\"lazy\" class=\"aligncenter size-large wp-image-13343\" src=\"https:\/\/daimielturismo.com\/wp-content\/uploads\/2025\/03\/tapas-especiales-pucherazo-724x1024.jpg\" alt=\"\" width=\"724\" height=\"1024\" srcset=\"https:\/\/daimielturismo.com\/wp-content\/uploads\/2025\/03\/tapas-especiales-pucherazo-724x1024.jpg 724w, https:\/\/daimielturismo.com\/wp-content\/uploads\/2025\/03\/tapas-especiales-pucherazo-212x300.jpg 212w, https:\/\/daimielturismo.com\/wp-content\/uploads\/2025\/03\/tapas-especiales-pucherazo-768x1086.jpg 768w, https:\/\/daimielturismo.com\/wp-content\/uploads\/2025\/03\/tapas-especiales-pucherazo-1086x1536.jpg 1086w, https:\/\/daimielturismo.com\/wp-content\/uploads\/2025\/03\/tapas-especiales-pucherazo-8x12.jpg 8w, https:\/\/daimielturismo.com\/wp-content\/uploads\/2025\/03\/tapas-especiales-pucherazo.jpg 1122w\" sizes=\"(max-width: 724px) 100vw, 724px\" \/><\/strong><\/p>\n<p>&nbsp;<\/p>\n<p><strong>Se va el fr\u00edo, llegan las flores&#8230; pero a\u00fan apetece ese bocado calentito, sabroso, que te reconforta. Este 29 y 30 de marzo, tres rincones muy top de Daimiel se han aliado para darte justo eso: una ruta de tapas con alma, con cuchara&#8230; y con mucho coraz\u00f3n.<\/strong><\/p>\n<p data-start=\"529\" data-end=\"774\">La primavera ya est\u00e1 tocando la puerta, pero a\u00fan quedan esos d\u00edas de fresquito donde lo que m\u00e1s apetece es algo de cuchara, un dulce con fundamento, algo que te abrace por dentro.<br data-start=\"708\" data-end=\"711\" \/>Y si encima lo acompa\u00f1amos con buena compa\u00f1\u00eda, mejor que mejor.<\/p>\n<p data-start=\"776\" data-end=\"1026\">Este <strong data-start=\"781\" data-end=\"816\">viernes 29 y s\u00e1bado 30 de marzo<\/strong>, Daimiel se pone rico, sabroso y con sabor local del bueno.<br data-start=\"876\" data-end=\"879\" \/>Tres locales de referencia se suman a una propuesta gastron\u00f3mica irresistible con tapas especiales&#8230; por <strong data-start=\"985\" data-end=\"1001\">solo 3 euros<\/strong>. S\u00ed, s\u00ed, has le\u00eddo bien.<\/p>\n<p data-start=\"1028\" data-end=\"1245\">\ud83c\udf6b <strong data-start=\"1031\" data-end=\"1047\">Torillo Coffee<\/strong> te espera con su \u201c<strong data-start=\"1066\" data-end=\"1084\">Dulcidivertido<\/strong>\u201d, un bocado dulce, energ\u00e9tico, de esos que te alegran la tarde. Ideal para ese antojo goloso que a veces se cuela sin avisar.<br data-start=\"1210\" data-end=\"1213\" \/>\ud83d\udccd <em data-start=\"1216\" data-end=\"1245\">Horario: de 16:00 a 19:00 h<\/em><\/p>\n<p data-start=\"1247\" data-end=\"1475\">\ud83e\udd63 <strong data-start=\"1250\" data-end=\"1270\">Rufys Neotaberna<\/strong> saca a relucir sus ra\u00edces con el tradicional \u201c<strong data-start=\"1317\" data-end=\"1338\">Potaje de Vigilia<\/strong>\u201d. Sabor casero, cuchara con historia, y ese aroma a Semana Santa que empieza a flotar en el ambiente.<br data-start=\"1440\" data-end=\"1443\" \/>\ud83d\udccd <em data-start=\"1446\" data-end=\"1475\">Horario: de 13:00 a 16:00 h<\/em><\/p>\n<p data-start=\"1477\" data-end=\"1649\">\ud83e\udd9e Y atenci\u00f3n a <strong data-start=\"1493\" data-end=\"1516\">Enosentidos Tavern<\/strong>, que se luce con unas \u201c<strong data-start=\"1540\" data-end=\"1564\">Pochas con bogavante<\/strong>\u201d que son puro mimo y elegancia en cada cucharada.<br data-start=\"1614\" data-end=\"1617\" \/>\ud83d\udccd <em data-start=\"1620\" data-end=\"1649\">Horario: de 13:00 a 16:00 h<\/em><\/p>\n<p data-start=\"1651\" data-end=\"1785\">Una tapa en cada sitio. Un plan de mediod\u00eda y otro de tarde. Elige tu ruta&#8230; o hazlas todas, que por 3 euros la tapa, merece la pena.<\/p>\n<p data-start=\"1787\" data-end=\"1953\">Esta iniciativa con sabor y encanto est\u00e1 organizada por la <strong data-start=\"1846\" data-end=\"1888\">Tablas de Daimiel Tourist Association<\/strong>, que sigue apostando por unir gastronom\u00eda, turismo y buen hacer.<\/p>\n<p data-start=\"1955\" data-end=\"2138\">As\u00ed que ya sabes: si te apetece una escapada rica y con sentido, entra en \ud83d\udc49 <strong data-start=\"2032\" data-end=\"2084\"><a href=\"https:\/\/daimielturismo.com\/en\/\" target=\"_new\" rel=\"noopener\" data-start=\"2034\" data-end=\"2082\">daimielturismo.com<\/a><\/strong> y prep\u00e1rate para disfrutar de Daimiel como se merece.<\/p>\n<p data-start=\"2140\" data-end=\"2325\">Porque s\u00ed, el invierno se va\u2026<br data-start=\"2169\" data-end=\"2172\" \/>pero a\u00fan apetecen las cucharas que reconfortan, los dulces con chispa y los planes que saben a tierra, a tradici\u00f3n y a primavera que empieza a despertar.<\/p>\n<p data-start=\"2327\" data-end=\"2373\">\u00bfNos vemos en Daimiel? \ud83d\ude0a<br data-start=\"2352\" data-end=\"2355\" \/>\u00a1No te lo pierdas!<\/p>","protected":false},"excerpt":{"rendered":"<p>&nbsp; Se va el fr\u00edo, llegan las flores&#8230; pero a\u00fan apetece ese bocado calentito, sabroso, que te reconforta. Este 29 y 30 de marzo, tres rincones muy top de Daimiel se han aliado para darte justo eso: una ruta de tapas con alma, con cuchara&#8230; y con mucho coraz\u00f3n. La primavera ya est\u00e1 tocando la [&hellip;]<\/p>","protected":false},"author":1,"featured_media":13343,"comment_status":"open","ping_status":"open","sticky":false,"template":"","format":"standard","meta":[],"categories":[151],"tags":[],"_links":{"self":[{"href":"https:\/\/daimielturismo.com\/en\/wp-json\/wp\/v2\/posts\/13342"}],"collection":[{"href":"https:\/\/daimielturismo.com\/en\/wp-json\/wp\/v2\/posts"}],"about":[{"href":"https:\/\/daimielturismo.com\/en\/wp-json\/wp\/v2\/types\/post"}],"author":[{"embeddable":true,"href":"https:\/\/daimielturismo.com\/en\/wp-json\/wp\/v2\/users\/1"}],"replies":[{"embeddable":true,"href":"https:\/\/daimielturismo.com\/en\/wp-json\/wp\/v2\/comments?post=13342"}],"version-history":[{"count":1,"href":"https:\/\/daimielturismo.com\/en\/wp-json\/wp\/v2\/posts\/13342\/revisions"}],"predecessor-version":[{"id":13344,"href":"https:\/\/daimielturismo.com\/en\/wp-json\/wp\/v2\/posts\/13342\/revisions\/13344"}],"wp:featuredmedia":[{"embeddable":true,"href":"https:\/\/daimielturismo.com\/en\/wp-json\/wp\/v2\/media\/13343"}],"wp:attachment":[{"href":"https:\/\/daimielturismo.com\/en\/wp-json\/wp\/v2\/media?parent=13342"}],"wp:term":[{"taxonomy":"category","embeddable":true,"href":"https:\/\/daimielturismo.com\/en\/wp-json\/wp\/v2\/categories?post=13342"},{"taxonomy":"post_tag","embeddable":true,"href":"https:\/\/daimielturismo.com\/en\/wp-json\/wp\/v2\/tags?post=13342"}],"curies":[{"name":"wp","href":"https:\/\/api.w.org\/{rel}","templated":true}]}}