{"id":454,"date":"2022-10-24T10:40:00","date_gmt":"2022-10-24T08:40:00","guid":{"rendered":"https:\/\/demo.listivotheme.com\/?p=454"},"modified":"2023-10-29T11:46:34","modified_gmt":"2023-10-29T10:46:34","slug":"ix-fin-de-semana-daimiel-pueblo-de-brujas","status":"publish","type":"post","link":"https:\/\/daimielturismo.com\/fr\/ix-fin-de-semana-daimiel-pueblo-de-brujas\/","title":{"rendered":"IX Week-end, \"Daimiel, village des sorci\u00e8res\"."},"content":{"rendered":"<h3>IX Fin de Semana, &#8216;Daimiel, Pueblo de Brujas\u00bb<\/h3>\r\n\r\n\r\n\r\n<figure class=\"wp-block-image\"><a href=\"https:\/\/blogger.googleusercontent.com\/img\/b\/R29vZ2xl\/AVvXsEjsmPhVX4luqoVD0znB-hy_-Bj-_DRaIGUvp70qgqWvgG_UpYzEBuDEPLhc_F0KygHBDP0L130eWSZ3RXof38Wt-JB-a-dzmjC22SVoedgqq1XhGFxqzB5ekQAkSpdks3ARFIIE5w33ZT8KERw7D_aS2kDw5jfMyzwq7vlWFyaqLG6B59O3JXEYI3um3w\/s1122\/PROGRAMA%20IX%20FDS%20BRUJAS%20pag01.jpg\"><img src=\"https:\/\/blogger.googleusercontent.com\/img\/b\/R29vZ2xl\/AVvXsEjsmPhVX4luqoVD0znB-hy_-Bj-_DRaIGUvp70qgqWvgG_UpYzEBuDEPLhc_F0KygHBDP0L130eWSZ3RXof38Wt-JB-a-dzmjC22SVoedgqq1XhGFxqzB5ekQAkSpdks3ARFIIE5w33ZT8KERw7D_aS2kDw5jfMyzwq7vlWFyaqLG6B59O3JXEYI3um3w\/w452-h640\/PROGRAMA%20IX%20FDS%20BRUJAS%20pag01.jpg\" alt=\"\" \/><\/a><\/figure>\r\n\r\n\r\n\r\n<p><a href=\"https:\/\/drive.google.com\/open?id=1KJbKdE0u2Lxgzu5rsFZpD40QtDtomVke&amp;authuser=destinosmanchegos2%40gmail.com&amp;usp=drive_fs\" target=\"_blank\" rel=\"noreferrer noopener\"><strong>DESCARGAR PROGRAMA PDF<\/strong><\/a><\/p>\r\n\r\n\r\n\r\n<h3>Falsas acusaciones, vuelos nocturnos, pactos con el diablo, desagradables ung\u00fcentos, malignos hechizos, profanaciones varias\u2026 A lo largo de los siglos XVI y XVII, la localidad manchega de Daimiel se convirti\u00f3 en el epicentro de siniestros procesos relacionados con la brujer\u00eda. Lo que viene a continuaci\u00f3n es solo un peque\u00f1o recordatorio de aquellos tiempos de oscurantismo, en los cuales tuvieron lugar macabros hechos que han trascendido hasta nuestros d\u00edas. No por casualidad, se acu\u00f1\u00f3 para dicha poblaci\u00f3n el sobrenombre de \u00abel pueblo de las brujas\u00bb\u00a0\u00a0<\/h3>\r\n\r\n\r\n\r\n<h3>Javier P\u00e9rez Campos A\u00d1O CERO<\/h3>\r\n\r\n\r\n\r\n<p><strong>18 de noviembre del 2022, viernes.<\/strong><strong>20:30 horas<\/strong><br \/><strong>\u00a0 \u00a0\u00a0\u00a0Visita nocturna teatralizada en Las Tablas de Daimiel<\/strong><br \/><strong>Lugar:\u00a0<\/strong>Parc national de Las Tablas de Daimiel\u00a0<br \/>El Parque Nacional de Las Tablas de Daimiel es un espacio inigualable que invita a una y mil aventuras.<br \/>Dicen que las oscuras noches del humedal son inquietantes, antiguos habitantes y visitantes salen al paso de aquellas personas que invaden su espacio en la noche.\u00a0<br \/>Una oportunidad para intentar descubrir la oscura historia que rodea al Parque Nacional, llena inc\u00f3modos duendes, ahogamientos dif\u00edciles de explicar y enfermedades mortales.<br \/>Recorrido itinerante para grupos de hasta 20 personas que nos conducir\u00e1 por diversos lugares del interior del Parque Nacional donde podremos descubrir a estos inquietantes personajes.<br \/><strong>Aforo:\u00a0<\/strong>80 personas por funci\u00f3n\u00a0<br \/><strong>Duraci\u00f3n:\u00a0<\/strong>1,5 horas<br \/><strong>Desarrolla:\u00a0<\/strong>Producciones 099<br \/><strong>Precio:\u00a0<\/strong>8\u20ac (consultar descuentos con packs) ni\u00f1os de 0 a 5 gratis.\u00a0<br \/><strong>Modo de reserva:\u00a0<\/strong>De manera previa en las agencias colaboradoras, m\u00e1s informaci\u00f3n abajo.<\/p>\r\n\r\n\r\n\r\n<figure class=\"wp-block-image\"><a href=\"https:\/\/blogger.googleusercontent.com\/img\/b\/R29vZ2xl\/AVvXsEgV-qHnqhhMJr7iAiEtOpiXHdBQbC6zAwpWqZcAnM6tXv7HNHhsUkRGszxWa0iv-eTdaRJc5Zv9vaMr1IolukkXQuvNOsD4JF_0CJaskFNCEQ7HIBmcctTCkmiRrK01I3e__FMKPor4DsXNUR6NOaIdjRIgfYZB58llEKTw7Fwu57Wl_GcvNeTUiXmtzw\/s900\/fdsbrujas01.png\"><img src=\"https:\/\/blogger.googleusercontent.com\/img\/b\/R29vZ2xl\/AVvXsEgV-qHnqhhMJr7iAiEtOpiXHdBQbC6zAwpWqZcAnM6tXv7HNHhsUkRGszxWa0iv-eTdaRJc5Zv9vaMr1IolukkXQuvNOsD4JF_0CJaskFNCEQ7HIBmcctTCkmiRrK01I3e__FMKPor4DsXNUR6NOaIdjRIgfYZB58llEKTw7Fwu57Wl_GcvNeTUiXmtzw\/w640-h214\/fdsbrujas01.png\" alt=\"\" \/><\/a><\/figure>\r\n\r\n\r\n\r\n<p><strong>22:00 horas<\/strong><strong>\u00a0 \u00a0\u00a0\u00a0El cielo de las Brujas<\/strong><br \/><strong>Lugar:\u00a0<\/strong>Aparcamiento Molino de Molemocho &#8211; PN Tablas de Daimiel<br \/>Descubriremos como ve\u00edan y le\u00edan el cielo estas sabias mujeres, las estrellas y planetas. Astronom\u00eda y astrolog\u00eda se dar\u00e1n la mano en esta interesante actividad.<br \/><strong>Aforo:<\/strong>\u00a060 personas\u00a0<br \/><strong>Duraci\u00f3n:\u00a0<\/strong>2 horas<br \/><strong>Desarrolla:\u00a0<\/strong>Asociaci\u00f3n Daimiele\u00f1a de Astronom\u00eda<br \/><strong>Precio:<\/strong>\u00a03 Euros \/ persona (ni\u00f1os de 0 a 5 a\u00f1os gratis)<br \/><strong>Modo de reserva:<\/strong>\u00a0De manera previa en las agencias colaboradoras, m\u00e1s informaci\u00f3n abajo.\u00a0* La actividad se aplazar\u00e1 si no existen condiciones meteorol\u00f3gicas \u00f3ptimas.<\/p>\r\n\r\n\r\n\r\n<figure class=\"wp-block-image\"><a href=\"https:\/\/blogger.googleusercontent.com\/img\/b\/R29vZ2xl\/AVvXsEjF82gzI-wiwY0-A98B8LUM0c8QMFayFrSjDiR22bkQOgXZkmDBAC2esMOXZ2vdaG0A51Ko43je4Vw_6X5BU3jHLCfwYlO5pPEK_TuLpW7k7V_jxsMey-14raSAKsmuQjYc2nBnSyzxQSJZp3_nlQk2eK1qOmx6hmzDOOb1OsnQgxeTxgAaY7YFsIDMhA\/s900\/fdsbrujas02.jpg\"><img src=\"https:\/\/blogger.googleusercontent.com\/img\/b\/R29vZ2xl\/AVvXsEjF82gzI-wiwY0-A98B8LUM0c8QMFayFrSjDiR22bkQOgXZkmDBAC2esMOXZ2vdaG0A51Ko43je4Vw_6X5BU3jHLCfwYlO5pPEK_TuLpW7k7V_jxsMey-14raSAKsmuQjYc2nBnSyzxQSJZp3_nlQk2eK1qOmx6hmzDOOb1OsnQgxeTxgAaY7YFsIDMhA\/w640-h214\/fdsbrujas02.jpg\" alt=\"\" \/><\/a><\/figure>\r\n\r\n\r\n\r\n<p><strong>19 de noviembre del 2022, s\u00e1bado.<\/strong><br \/><strong>11:00 horas<\/strong><br \/><strong>\u00a0 \u00a0\u00a0\u00a0Ponencias<\/strong><strong>Lugar:\u00a0<\/strong>Sal\u00f3n de plenos del Ayuntamiento de Daimiel.<br \/>En esta edici\u00f3n nos acercamos al mundo del esoterismo. Lo haremos de la mano de dos magn\u00edficas ponentes que nos descubrir\u00e1n los or\u00edgenes de sus t\u00e9cnicas y el desarrollo de su trabajo.<br \/><strong>Margarita Mu\u00f1oz &#8211; Margalqu\u00edmia.<\/strong>\u00bfLa mediumnidad\u00a0 y canalizaci\u00f3n espiritual son cosas de brujas? C\u00f3mo pueden ayudarte a sanar tus heridas y mejorar tu vida.Canalizaci\u00f3n de \u00e1ngeles, videncia y mediumnidad.<br \/><strong>Fabiennne Barros.<\/strong>Aprende a conocerte mejor con la Quirolog\u00eda V\u00e9dica, una herramienta ancestral de lectura de mano.Quir\u00f3loga v\u00e9dica y lectura de manos.<br \/><strong>Aforo:<\/strong>\u00a0hasta completar sal\u00f3n de plenos.<br \/><strong>Duraci\u00f3n:\u00a0<\/strong>2 horas.<br \/><strong>Desarrolla:<\/strong>\u00a0Asociaci\u00f3n Tur\u00edstica Tablas de Daimiel.<br \/><strong>Precio:<\/strong>\u00a0actividad gratuita.<br \/><strong>Modo de reserva:<\/strong>\u00a0Sin reserva previa.<\/p>\r\n\r\n\r\n\r\n<figure class=\"wp-block-image\"><a href=\"https:\/\/blogger.googleusercontent.com\/img\/b\/R29vZ2xl\/AVvXsEhOS9gLiUcsAwy1BP0gr9AJJBbvUhNyyJ_3ySsGwgQVVDWbuKJd5-5VHiHj0HJrKj_-LO1A5leON5bhrmFqzpDcDvf_oqyTqKAnivoOkTz4dpom89xeuri1JIGzdmtD25K6fyfswdfCibkp5C4reMHrd2ApqfZ7evcaTNf6RGJ0O_AF4iTMyRcmF_ta2g\/s900\/fdsbrujas03.jpg\"><img src=\"https:\/\/blogger.googleusercontent.com\/img\/b\/R29vZ2xl\/AVvXsEhOS9gLiUcsAwy1BP0gr9AJJBbvUhNyyJ_3ySsGwgQVVDWbuKJd5-5VHiHj0HJrKj_-LO1A5leON5bhrmFqzpDcDvf_oqyTqKAnivoOkTz4dpom89xeuri1JIGzdmtD25K6fyfswdfCibkp5C4reMHrd2ApqfZ7evcaTNf6RGJ0O_AF4iTMyRcmF_ta2g\/w640-h214\/fdsbrujas03.jpg\" alt=\"\" \/><\/a><\/figure>\r\n\r\n\r\n\r\n<p><strong>de 13:00 a 15:00 horas &#8211; de 16:00 a 18:00 horas tapa dulce<\/strong><br \/><strong>\u00a0 \u00a0\u00a0\u00a0Ruta de tapas \u2019Tapas de Bruja\u2019<\/strong><br \/>Establecimientos participantes:<br \/><strong>Canela Fina Gastro<\/strong><strong>Restaurant El Port\u00f3n<\/strong><strong>Rufys Neotaberna<\/strong><strong>Restaurant Las Brujas<\/strong><strong>Enosentidos<\/strong><strong>Caf\u00e9 Torillo (tapa dulce)<\/strong><br \/>Con el buen hacer que caracteriza a las cocinas de estos establecimientos, esta edici\u00f3n echar\u00e1n a volar su imaginaci\u00f3n para ofrecernos unas suculentas tapas de tem\u00e1tica libre.<br \/><strong>Precio de la tapa:\u00a0<\/strong>3 Euros<\/p>\r\n\r\n\r\n\r\n<figure class=\"wp-block-image\"><a href=\"https:\/\/blogger.googleusercontent.com\/img\/b\/R29vZ2xl\/AVvXsEghCRFhRvlAZX6QCmflSalTEVYUNoWdiVHogO88E41EfAtR9XOUWtNxhk2YkYSeIDfymdsIqCVgrHvePtckKTmduUwIbtLUaeZ_j0kWrKJyYMbHi3ZlFv6vcs25IuZ-C6G0IgtT0-QnEJV8MLtoN6SBheoCZ8a6mA3LmJ3-svK8mkCYQKliL7o5bViU0A\/s900\/fdsbrujas04.jpg\"><img src=\"https:\/\/blogger.googleusercontent.com\/img\/b\/R29vZ2xl\/AVvXsEghCRFhRvlAZX6QCmflSalTEVYUNoWdiVHogO88E41EfAtR9XOUWtNxhk2YkYSeIDfymdsIqCVgrHvePtckKTmduUwIbtLUaeZ_j0kWrKJyYMbHi3ZlFv6vcs25IuZ-C6G0IgtT0-QnEJV8MLtoN6SBheoCZ8a6mA3LmJ3-svK8mkCYQKliL7o5bViU0A\/w640-h214\/fdsbrujas04.jpg\" alt=\"\" \/><\/a><\/figure>\r\n\r\n\r\n\r\n<p><strong>18:30 y 20:30 horas<\/strong><br \/><strong>\u00a0 \u00a0\u00a0\u00a0Visita nocturna teatralizada en Las Tablas de Daimiel<\/strong><br \/><strong>Lugar:<\/strong>\u00a0Parc national de Las Tablas de Daimiel\u00a0<br \/>El Parque Nacional de Las Tablas de Daimiel es un espacio inigualable que invita a una y mil aventuras.<br \/>Dicen que las oscuras noches del humedal son inquietantes, antiguos habitantes y visitantes salen al paso de aquellas personas que invaden su espacio en la noche.\u00a0<br \/>Una oportunidad para intentar descubrir la oscura historia que rodea al Parque Nacional, llena inc\u00f3modos duendes, ahogamientos dif\u00edciles de explicar y enfermedades mortales.<br \/>Recorrido itinerante para grupos de hasta 20 personas que nos conducir\u00e1 por diversos lugares del interior del Parque Nacional donde podremos descubrir a estos inquietantes personajes.<br \/><strong>Aforo:<\/strong>\u00a080 personas por funci\u00f3n\u00a0<br \/><strong>Duraci\u00f3n:<\/strong>\u00a01,5 horas<br \/><strong>Desarrolla:\u00a0<\/strong>Producciones 099<br \/><strong>Precio:<\/strong>\u00a08\u20ac (consultar descuentos con packs) ni\u00f1os de 0 a 5 a\u00f1os gratis.\u00a0<strong><em>Nota:\u00a0El turno de las 18:30h est\u00e1 sujeto a la contrataci\u00f3n de la cena tematizada.<\/em><\/strong><br \/><strong>Modo de reserva:<\/strong>\u00a0De manera previa en las agencias colaboradoras, m\u00e1s informaci\u00f3n abajo.<\/p>\r\n\r\n\r\n\r\n<figure class=\"wp-block-image\"><a href=\"https:\/\/blogger.googleusercontent.com\/img\/b\/R29vZ2xl\/AVvXsEj7vhB9AsBxC_DclAl3B5a2TmqSFvHENcIms8iXUMKdJg73DWy_fmFWBe_f4LBMLj519g46qQW1iy6J75svGN1T6p-TUOd8p18KsSzgtKJO6xKqwYpMDrxcQTox0z4n076tp_nbApw75X71dptGuoyYqRihs7-yVfVteOl2PVUCfuBmG4cRk2ZryUVlaA\/s900\/fdsbrujas05.jpg\"><img src=\"https:\/\/blogger.googleusercontent.com\/img\/b\/R29vZ2xl\/AVvXsEj7vhB9AsBxC_DclAl3B5a2TmqSFvHENcIms8iXUMKdJg73DWy_fmFWBe_f4LBMLj519g46qQW1iy6J75svGN1T6p-TUOd8p18KsSzgtKJO6xKqwYpMDrxcQTox0z4n076tp_nbApw75X71dptGuoyYqRihs7-yVfVteOl2PVUCfuBmG4cRk2ZryUVlaA\/w640-h214\/fdsbrujas05.jpg\" alt=\"\" \/><\/a><\/figure>\r\n\r\n\r\n\r\n<p><strong>21:30 horas<\/strong><br \/><strong>\u00a0 \u00a0\u00a0\u00a0Cena Tematizada<\/strong><br \/>Disfrutaremos de la gastronom\u00eda m\u00e1gica que nos ofrecen los tres restaurantes que colaboran en esta edici\u00f3n.<br \/><strong>Restaurante del Hotel Do\u00f1a Manuela<\/strong><strong>Rufys Neotaberna<\/strong><strong>Canela Fina Gastro<\/strong><\/p>\r\n\r\n\r\n\r\n<p><strong>Tipo:\u00a0<\/strong>Men\u00fa degustaci\u00f3n de 4 platos y postre. Bebidas , caf\u00e9 incluidos.\u00a0<br \/>M\u00e1s informaci\u00f3n sobre los men\u00fas ofrecidos al final del documento.<br \/>Al finalizar la cena\u00a0 limpiaremos nuestras almas con la Queimada.<br \/><strong>Etiqueta:\u00a0\u00a0<\/strong>De riguroso negro.<br \/><strong>Precio:<\/strong>\u00a042Euros\u00a0 IVA inc. Consultar men\u00fas infantiles.<br \/><strong>Modo de reserva:\u00a0<\/strong>De manera previa en las agencias colaboradoras, m\u00e1s informaci\u00f3n abajo.\u00a0 Las reservas no se realizan directamente con los restaurantes.<\/p>\r\n\r\n\r\n\r\n<figure class=\"wp-block-image\"><a href=\"https:\/\/blogger.googleusercontent.com\/img\/b\/R29vZ2xl\/AVvXsEjPqR1Znx9LBhWJQHQHaYYmen3ucBVE-wMXXhZ3AOJk71PVWjl-lXX6BgFr3ekRjpm9NYBoJwgVJ_7Fc3BLb1EiBX5b1W1GJ_uVtse6FyjQs2vXpXcm7bWn4ZP_uo-_LOzi1h--iGOmuukVlCnKzf8Pg3Ph_TOjnBkAnoIv2asR9frnCOztPMWJGIjQXA\/s900\/fdsbrujas06.jpg\"><img src=\"https:\/\/blogger.googleusercontent.com\/img\/b\/R29vZ2xl\/AVvXsEjPqR1Znx9LBhWJQHQHaYYmen3ucBVE-wMXXhZ3AOJk71PVWjl-lXX6BgFr3ekRjpm9NYBoJwgVJ_7Fc3BLb1EiBX5b1W1GJ_uVtse6FyjQs2vXpXcm7bWn4ZP_uo-_LOzi1h--iGOmuukVlCnKzf8Pg3Ph_TOjnBkAnoIv2asR9frnCOztPMWJGIjQXA\/w640-h214\/fdsbrujas06.jpg\" alt=\"\" \/><\/a><\/figure>\r\n\r\n\r\n\r\n<p><strong>23:00 horas<\/strong><br \/><strong>\u00a0 \u00a0\u00a0\u00a0Brebaje de bruja y Queimada<\/strong><br \/><strong>Lugar:<\/strong>\u00a0Caf\u00e9 Torillo<br \/>Cerramos el d\u00eda uniendo la tradici\u00f3n y lo desconocido. Limpiaremos nuestra alma con la queimada y nos enfrentaremos a un brebaje preparado\u00a0 para descubrir nuevos sabores y experiencias.<br \/><strong>Precio:<\/strong>\u00a06 Euros<\/p>\r\n\r\n\r\n\r\n<figure class=\"wp-block-image\"><a href=\"https:\/\/blogger.googleusercontent.com\/img\/b\/R29vZ2xl\/AVvXsEiCmpo7Wo1DxLs5cGn0rk3BXifJvgumPKr19_u-8Y-xwxE-ML8NHBsFXtumhsbLScvwAO5OGj2oTW9IYlJR-cA8sE-qJsqg4kpw9mCwIMt4CAcTzFfy_9MxEbnn2wMVqeDIbqR1A7P-kphJjBB_YyntYq3owW8VZW98IQ2QGvmj5gXZnxuDs2W02P3i3w\/s900\/fdsbrujas07.jpg\"><img src=\"https:\/\/blogger.googleusercontent.com\/img\/b\/R29vZ2xl\/AVvXsEiCmpo7Wo1DxLs5cGn0rk3BXifJvgumPKr19_u-8Y-xwxE-ML8NHBsFXtumhsbLScvwAO5OGj2oTW9IYlJR-cA8sE-qJsqg4kpw9mCwIMt4CAcTzFfy_9MxEbnn2wMVqeDIbqR1A7P-kphJjBB_YyntYq3owW8VZW98IQ2QGvmj5gXZnxuDs2W02P3i3w\/w640-h214\/fdsbrujas07.jpg\" alt=\"\" \/><\/a><\/figure>\r\n\r\n\r\n\r\n<p><strong>20 de noviembre, domingo.<\/strong><br \/><strong>11:00 horas<\/strong><br \/><strong>Taller de ung\u00fcentos<\/strong><br \/><strong>Lugar:<\/strong>\u00a0Parque Nacional Tablas de Daimiel (\u00e1rea recreativa)\u00a0<br \/>Descubriremos el poder de las plantas, para el bien y para el mal. Las brujas, como mujeres sabias, conoc\u00edan los efectos beneficiosos y venenosos de estas.<br \/>Aprenderemos a realizar un ung\u00fcento para las quemaduras, una receta de la Serran\u00eda de Cuenca.\u00a0<br \/><strong>Aforo:\u00a0<\/strong>Limitado a 30 personas.<br \/><strong>Duraci\u00f3n:<\/strong>\u00a02 horas<br \/><strong>Precio:<\/strong>\u00a010 Euros por persona,\u00a0 IVA inc.ni\u00f1os de 0 a 5 a\u00f1os gratis\u00a0<br \/><strong>Actividad realizad por:\u00a0<\/strong>Ambientea<br \/><strong>Modo de reserva:<\/strong>\u00a0De manera previa en las agencias colaboradoras, m\u00e1s informaci\u00f3n abajo.\u00a0<\/p>\r\n\r\n\r\n\r\n<figure class=\"wp-block-image\"><a href=\"https:\/\/blogger.googleusercontent.com\/img\/b\/R29vZ2xl\/AVvXsEjsLvC667JfgJDu7CVrhXKwwD5RVvDOaJHpaLbG09O05asU0A-vhWaaLhNMDS7aBMG4f5VQ_iVflzedLPHOm-m48dJpteAA6vxp973nFJ7zVlAOoYhVLuIiNfbdWLR1pWoZ7pkrAyC5Mhb6NqBa4KIiESMHkD7hnDY6Cm6xyq3Rj6-Zn7BMPH1usJB_tQ\/s900\/fdsbrujas08.jpg\"><img src=\"https:\/\/blogger.googleusercontent.com\/img\/b\/R29vZ2xl\/AVvXsEjsLvC667JfgJDu7CVrhXKwwD5RVvDOaJHpaLbG09O05asU0A-vhWaaLhNMDS7aBMG4f5VQ_iVflzedLPHOm-m48dJpteAA6vxp973nFJ7zVlAOoYhVLuIiNfbdWLR1pWoZ7pkrAyC5Mhb6NqBa4KIiESMHkD7hnDY6Cm6xyq3Rj6-Zn7BMPH1usJB_tQ\/w640-h214\/fdsbrujas08.jpg\" alt=\"\" \/><\/a><\/figure>\r\n\r\n\r\n\r\n<p><strong>de 13:00 a 15:00 horas\u00a0<\/strong><strong>de 16:00 a 18:00 horas tapa dulce<\/strong><br \/><strong>\u00a0 \u00a0\u00a0\u00a0Ruta de tapas \u2019Tapas de Bruja\u2019<\/strong><br \/>Establecimientos participantes:<br \/><strong>Canela Fina Gastro<\/strong><strong>Restaurant El Port\u00f3n<\/strong><strong>Rufys Neotaberna<\/strong><strong>Restaurant Las Brujas<\/strong><strong>Enosentidos<\/strong><strong>Caf\u00e9 Torillo (tapa dulce)<\/strong><br \/>Con el buen hacer que caracteriza a las cocinas de estos establecimientos, esta edici\u00f3n echar\u00e1n a volar su imaginaci\u00f3n para ofrecernos unas suculentas tapas de tem\u00e1tica libre.<br \/><strong>Precio de la tapa:\u00a0<\/strong>3 Euros<\/p>\r\n\r\n\r\n\r\n<figure class=\"wp-block-image\"><a href=\"https:\/\/blogger.googleusercontent.com\/img\/b\/R29vZ2xl\/AVvXsEhh6xvJogYjP7hoRr6_VCdRFrvU2H9KxZSI2nsWJDGW7B0Djso-fU8bBE78H1b5xholGCwDDVr1Y_CBfiJitH4wJO64YbvBGe9tJh97hWG_q9VLvG7uK5njvqxjg6ozcDlUTJ2fHXv5RxpTCfTHoF5hJT-fcWfq4L3aeSTd-mEoMpC9jtVOmvrFsqhlmA\/s900\/fdsbrujas09.jpg\"><img src=\"https:\/\/blogger.googleusercontent.com\/img\/b\/R29vZ2xl\/AVvXsEhh6xvJogYjP7hoRr6_VCdRFrvU2H9KxZSI2nsWJDGW7B0Djso-fU8bBE78H1b5xholGCwDDVr1Y_CBfiJitH4wJO64YbvBGe9tJh97hWG_q9VLvG7uK5njvqxjg6ozcDlUTJ2fHXv5RxpTCfTHoF5hJT-fcWfq4L3aeSTd-mEoMpC9jtVOmvrFsqhlmA\/w640-h214\/fdsbrujas09.jpg\" alt=\"\" \/><\/a><\/figure>\r\n\r\n\r\n\r\n<p><strong>Reserva tu actividad<\/strong><br \/>Elige tu actividad suelta o pack de actividades:<br \/><strong>Visita teatralizada:<\/strong>\u00a08Euros\/persona (ni\u00f1os de 0 a 5 a\u00f1os, gratis)<strong>El cielo de las Brujas:\u00a0<\/strong>3Euros\/persona (ni\u00f1os de 0 a 5 a\u00f1os, gratis)<strong>Cena tematizada:<\/strong>\u00a042Euros\/persona (consultar men\u00fa infantil)<strong>Taller de ung\u00fcentos:<\/strong>\u00a010Euros\/persona (ni\u00f1os de 0 a 5 a\u00f1os, gratis)<br \/><strong>PACK:\u00a0<\/strong>Visita teatralizada + Cena tematizada: 45Euros\/persona (consultar men\u00fa infantil)<\/p>\r\n\r\n\r\n\r\n<p><strong><br \/>Destinos Manchegos<\/strong>926 850 371606 401 278info@destinosmanchegos.comwww.destinosmanchegos.com<br \/><strong><br \/>Caminos del Guadiana<\/strong>660 04 54 30626 28 36 45info@caminosdelguadiana.eswww.caminosdelguadiana.es<\/p>\r\n\r\n\r\n\r\n<p><strong>Men\u00fas cena tematizada<\/strong><\/p>\r\n\r\n\r\n\r\n<figure class=\"wp-block-image\"><a href=\"https:\/\/blogger.googleusercontent.com\/img\/b\/R29vZ2xl\/AVvXsEjoSUNE5Rak-GHtCgK5loWIhlUlTy3YdT9mbICJ9ebE_y5A_hYjp47Ui050CvvklkCQw-b-bYQV058eIQPbWQD9s49HHAPjwomifvtetAXBTAMrFNPy0yDVPMAF8IHSK-o8YDS2uXk1IjEJ9fBU2Vgh0GgkDCkSdgMSXB9_r_Ui0CIwVx-02OHneUHByw\/s900\/fdsbrujas10.jpg\"><img src=\"https:\/\/blogger.googleusercontent.com\/img\/b\/R29vZ2xl\/AVvXsEjoSUNE5Rak-GHtCgK5loWIhlUlTy3YdT9mbICJ9ebE_y5A_hYjp47Ui050CvvklkCQw-b-bYQV058eIQPbWQD9s49HHAPjwomifvtetAXBTAMrFNPy0yDVPMAF8IHSK-o8YDS2uXk1IjEJ9fBU2Vgh0GgkDCkSdgMSXB9_r_Ui0CIwVx-02OHneUHByw\/w640-h214\/fdsbrujas10.jpg\" alt=\"\" \/><\/a><\/figure>\r\n\r\n\r\n\r\n<p><strong>Canela Fina Gastro<\/strong><br \/>Canel\u00f3n crujiente de ria y monte.<br \/>Bisque de \u00abSopa Daimiel\u201d.<br \/>Milhoja de lubina salvaje, calabac\u00edn y aceite de hortalizas.<br \/>Solomillo ib\u00e9rico de cebo de campo,\u00a0 \u00a0manzana, mermelada de pimiento asado y pistachos.\u00a0<br \/>Tartita de queso manchego con coulis de ar\u00e1ndanos y frambuesas.<\/p>\r\n\r\n\r\n\r\n<p><strong>Hotel Do\u00f1a Manuela<\/strong><br \/>Capiruchos de langostino con salsa agridulce.<br \/>Risotto de setas y hongos encantados.<br \/>Salm\u00f3n escondido al aroma de romero.<br \/>Molleja de ternera lacada en su jugo con crema de ra\u00edces.<br \/>Helado de queso manchego con miel y teja de almendras.<\/p>\r\n\r\n\r\n\r\n<p><strong>Rufys Neotaberna<\/strong><br \/>Pisto manchego sobre berenjena de Almagro y codorniz escabechada.Vino: Vega de Azuer verdejo<br \/>Crema oto\u00f1al con huevo balneario, setas de temporada y leche de coco.Vino: Verum Sauvignon Blanc Gwurztraminer.<br \/>Bacalao confitado con ajo blanco de pistachos manchegos y trigueros.Vino: Yllera verdejo crianza<br \/>Carre de cordero lechal manchego en adobo de miel de la Alcarria y Cecibel,\u00a0 con salsa de casta\u00f1as.Vino: Bisiesto Cabernet Sauvignon\u00a0<br \/>Trufas brujis de Chocolate, d\u00e1tiles pistachos y chocolate. Calabaza con coco.Vino: Secua Vendimia Tard\u00eda Moscatel<\/p>\r\n\r\n\r\n\r\n<p>Incluye pan, vino, agua, refrescos caf\u00e9 y queimada.Men\u00fa infantil 16Euros<br \/>42Euros por persona<\/p>\r\n\r\n\r\n\r\n<figure class=\"wp-block-image\"><img src=\"https:\/\/1.bp.blogspot.com\/-crfg8-2oXtw\/XaSv79GNwCI\/AAAAAAAAAxY\/q48W6OyYRmA32hkzM4Bn35qYqRXiktlnwCLcBGAsYHQ\/s320\/LOGO_ATTD.png\" alt=\"\" \/><\/figure>\r\n\r\n\r\n\r\n<p><br \/><strong><br \/><\/strong><strong>Informaci\u00f3n general<\/strong>\u00a0sobre el Fin de Semana Daimiel Pueblo de Brujas en el 606 40 12 78<\/p>\r\n\r\n\r\n\r\n<p><a href=\"https:\/\/drive.google.com\/open?id=1KJbKdE0u2Lxgzu5rsFZpD40QtDtomVke&amp;authuser=destinosmanchegos2%40gmail.com&amp;usp=drive_fs\" target=\"_blank\" rel=\"noreferrer noopener\"><strong>DESCARGAR PROGRAMA PDF<\/strong><\/a><\/p>\r\n\r\n\r\n\r\n<p><strong>\u00bfQuieres saber m\u00e1s sobre el origen de las Bruja de Daimiel?<\/strong><\/p>\r\n\r\n\r\n\r\n<p>Desc\u00e1rgate el libro Daimiel, Pueblo de Brujas.<br \/><a href=\"http:\/\/www.museocomarcaldaimiel.es\/es\/file\/511\/download?token=G3YvGeR6&amp;destination=\/es\/admin\/content\/files\" target=\"_blank\" rel=\"noreferrer noopener\"><strong>DESCARGAR<\/strong><\/a><br \/>Bel\u00e9n Garz\u00e1s Garz\u00e1sJavier Gonz\u00e1lez-Gallego S\u00e1nchez-CamachoCoordinador Juan Carlos Garc\u00eda Mu\u00f1oz Garc\u00eda<br \/>D.L. 2000.<br \/>Ayuntamiento de Daimiel<\/p>","protected":false},"excerpt":{"rendered":"<p>Fausses accusations, vols nocturnes, pactes avec le diable, onguents d\u00e9sagr\u00e9ables, mal\u00e9fices, profanations diverses... Tout au long des XVIe et XVIIe si\u00e8cles, la ville de Daimiel, dans la r\u00e9gion de La Mancha, est devenue l'\u00e9picentre de sinistres processus li\u00e9s \u00e0 la sorcellerie.<\/p>","protected":false},"author":1,"featured_media":11763,"comment_status":"open","ping_status":"open","sticky":false,"template":"","format":"standard","meta":[],"categories":[151],"tags":[],"_links":{"self":[{"href":"https:\/\/daimielturismo.com\/fr\/wp-json\/wp\/v2\/posts\/454"}],"collection":[{"href":"https:\/\/daimielturismo.com\/fr\/wp-json\/wp\/v2\/posts"}],"about":[{"href":"https:\/\/daimielturismo.com\/fr\/wp-json\/wp\/v2\/types\/post"}],"author":[{"embeddable":true,"href":"https:\/\/daimielturismo.com\/fr\/wp-json\/wp\/v2\/users\/1"}],"replies":[{"embeddable":true,"href":"https:\/\/daimielturismo.com\/fr\/wp-json\/wp\/v2\/comments?post=454"}],"version-history":[{"count":4,"href":"https:\/\/daimielturismo.com\/fr\/wp-json\/wp\/v2\/posts\/454\/revisions"}],"predecessor-version":[{"id":13150,"href":"https:\/\/daimielturismo.com\/fr\/wp-json\/wp\/v2\/posts\/454\/revisions\/13150"}],"wp:featuredmedia":[{"embeddable":true,"href":"https:\/\/daimielturismo.com\/fr\/wp-json\/wp\/v2\/media\/11763"}],"wp:attachment":[{"href":"https:\/\/daimielturismo.com\/fr\/wp-json\/wp\/v2\/media?parent=454"}],"wp:term":[{"taxonomy":"category","embeddable":true,"href":"https:\/\/daimielturismo.com\/fr\/wp-json\/wp\/v2\/categories?post=454"},{"taxonomy":"post_tag","embeddable":true,"href":"https:\/\/daimielturismo.com\/fr\/wp-json\/wp\/v2\/tags?post=454"}],"curies":[{"name":"wp","href":"https:\/\/api.w.org\/{rel}","templated":true}]}}